{"id":3812,"date":"2023-01-22T22:34:19","date_gmt":"2023-01-22T22:34:19","guid":{"rendered":"http:\/\/cultures.hautsbassins.bf\/?p=3812"},"modified":"2023-04-30T12:27:45","modified_gmt":"2023-04-30T12:27:45","slug":"salia-sanou","status":"publish","type":"post","link":"https:\/\/cultures.hautsbassins.bf\/index.php\/2023\/01\/22\/salia-sanou\/","title":{"rendered":"Salia SANOU"},"content":{"rendered":"\n<p>Danseur Chor\u00e9graphe <\/p>\n\n\n\n<p><strong>Salia SANOU entre \u00e0 l&#8217;Ecole Nationale de Police de Ouagadougou au milieu des ann\u00e9es 1980. Il d\u00e9cide alors de suivre une formation d&#8217;art dramatique toujours dans la capitale, avant de s&#8217;orienter vers la danse africaine avec Drissa SANON, Alasane CONGO, Ir\u00e8ne TASSEMBEDO et Germaine ACOGNY. Il rencontre la chor\u00e9graphe Mathilde MONNIER en 1992 et collabore avec lui dans le cadre de son spectacle \u00ab&nbsp;Pour Antigone&nbsp;\u00bb. En 1993, il devient danseur au sein de la compagnie de Mathilde Monnier au Centre chor\u00e9graphique national de Montpellier. En 1995, Salia SANOU cr\u00e9e avec son ami Seydou BORO, la Compagnie Salia n\u00ef Seydou avec l&#8217;aide de Mathilde MONNIER. Il a \u00e9t\u00e9 durant de nombreuses ann\u00e9es le directeur artistique des Rencontres chor\u00e9graphiques de l\u2019Afrique et de l\u2019Oc\u00e9an indien, organis\u00e9es par le Centre national de la danse \u00e0 Pantin o\u00f9 il a \u00e9t\u00e9 en r\u00e9sidence de 2008 \u00e0 2011. Il a cr\u00e9\u00e9 en 2006 avec Seydou BORO, le premier Centre de D\u00e9veloppement Chor\u00e9graphique en Afrique \u00ab&nbsp;La Termiti\u00e8re&nbsp;\u00bb situ\u00e9 \u00e0 Ouagadougou. Ce centre organise annuellement le Festival \u00ab&nbsp;Dialogues du corps&nbsp;\u00bb.<\/strong><\/p>\n\n\n\n<p><strong>En 2019, il con\u00e7u la chor\u00e9graphie du spectacle \u00e9crit par Abd al Malik d\u00e9nomm\u00e9 \u00ab&nbsp; Le Jeune Noir \u00e0 l&#8217;\u00e9p\u00e9e&nbsp;\u00bb. Ce spectacle qui m\u00eale danse et slam est cr\u00e9\u00e9 le 4 avril 2019 par Abd al Malik et quatre danseurs au Mus\u00e9e d&#8217;Orsay, dans le cadre de l\u2019exposition \u00ab&nbsp;Le Mod\u00e8le noir&nbsp;\u00bb de G\u00e9ricault \u00e0 Matisse.<\/strong><\/p>\n\n\n\n<p><strong>L\u2019ouvre de Salia SANOU int\u00e8gre l&#8217;h\u00e9ritage de la danse africaine et de la danse contemporaine europ\u00e9enne.<\/strong><\/p>\n\n\n\n<p><strong>Contacts t\u00e9l\u00e9phoniques :\u00a0 +33 6 84 82 47 09\/+226 70241663<\/strong> <\/p>\n\n\n\n<p><\/p>\n\n\n\n<p><blockquote class=\"wp-embedded-content\" data-secret=\"UPBFR5xWRj\"><a href=\"https:\/\/www.saliasanou.net\/new\/salia-sanou\">SALIA SANOU<\/a><\/blockquote><iframe class=\"wp-embedded-content\" sandbox=\"allow-scripts\" security=\"restricted\" style=\"position: absolute; clip: rect(1px, 1px, 1px, 1px);\" title=\"&#8220;SALIA SANOU&#8221; &#8212; SALIA SANOU\" src=\"https:\/\/www.saliasanou.net\/new\/salia-sanou\/embed#?secret=UPBFR5xWRj\" data-secret=\"UPBFR5xWRj\" width=\"500\" height=\"282\" frameborder=\"0\" marginwidth=\"0\" marginheight=\"0\" scrolling=\"no\"><\/iframe><\/p>\n\n\n\n<p><strong>E-mail : sanou.salia@gmail.com<\/strong><\/p>\n","protected":false},"excerpt":{"rendered":"<p class=\"text-justify mb-2\" >Danseur Chor\u00e9graphe Salia SANOU entre \u00e0 l&#8217;Ecole Nationale de Police de Ouagadougou au milieu des ann\u00e9es 1980. Il d\u00e9cide alors de suivre une formation d&#8217;art dramatique toujours dans la capitale, avant de s&#8217;orienter vers la danse africaine avec Drissa SANON, Alasane CONGO, Ir\u00e8ne TASSEMBEDO et [&hellip;]<\/p>\n","protected":false},"author":5,"featured_media":3813,"comment_status":"open","ping_status":"open","sticky":false,"template":"","format":"standard","meta":[],"categories":[31],"tags":[],"_links":{"self":[{"href":"https:\/\/cultures.hautsbassins.bf\/index.php\/wp-json\/wp\/v2\/posts\/3812"}],"collection":[{"href":"https:\/\/cultures.hautsbassins.bf\/index.php\/wp-json\/wp\/v2\/posts"}],"about":[{"href":"https:\/\/cultures.hautsbassins.bf\/index.php\/wp-json\/wp\/v2\/types\/post"}],"author":[{"embeddable":true,"href":"https:\/\/cultures.hautsbassins.bf\/index.php\/wp-json\/wp\/v2\/users\/5"}],"replies":[{"embeddable":true,"href":"https:\/\/cultures.hautsbassins.bf\/index.php\/wp-json\/wp\/v2\/comments?post=3812"}],"version-history":[{"count":1,"href":"https:\/\/cultures.hautsbassins.bf\/index.php\/wp-json\/wp\/v2\/posts\/3812\/revisions"}],"predecessor-version":[{"id":3814,"href":"https:\/\/cultures.hautsbassins.bf\/index.php\/wp-json\/wp\/v2\/posts\/3812\/revisions\/3814"}],"wp:featuredmedia":[{"embeddable":true,"href":"https:\/\/cultures.hautsbassins.bf\/index.php\/wp-json\/wp\/v2\/media\/3813"}],"wp:attachment":[{"href":"https:\/\/cultures.hautsbassins.bf\/index.php\/wp-json\/wp\/v2\/media?parent=3812"}],"wp:term":[{"taxonomy":"category","embeddable":true,"href":"https:\/\/cultures.hautsbassins.bf\/index.php\/wp-json\/wp\/v2\/categories?post=3812"},{"taxonomy":"post_tag","embeddable":true,"href":"https:\/\/cultures.hautsbassins.bf\/index.php\/wp-json\/wp\/v2\/tags?post=3812"}],"curies":[{"name":"wp","href":"https:\/\/api.w.org\/{rel}","templated":true}]}}