{"id":3886,"date":"2023-01-26T13:59:01","date_gmt":"2023-01-26T13:59:01","guid":{"rendered":"http:\/\/cultures.hautsbassins.bf\/?p=3886"},"modified":"2023-04-30T12:25:18","modified_gmt":"2023-04-30T12:25:18","slug":"sakande-konate-djelia","status":"publish","type":"post","link":"https:\/\/cultures.hautsbassins.bf\/index.php\/2023\/01\/26\/sakande-konate-djelia\/","title":{"rendered":"SAKANDE\/KONATE\u00a0\u00a0 Djelia"},"content":{"rendered":"\n<p><strong>Tisseuse <\/strong><\/p>\n\n\n\n<p>N\u00e9e en 1968, Madame SAKANDE\/KONATE DJELIA s\u2019est tr\u00e8s t\u00f4t int\u00e9ress\u00e9e \u00e0 l\u2019entreprenariat. En 2000 elle se lance dans l\u2019apprentissage des pagnes tiss\u00e9s commun\u00e9ment appel\u00e9 Faso-Dan-Fani et devient apte \u00e0 former les jeunes apprenants en tissage et teinture. Dix ans apr\u00e8s, elle devient la pr\u00e9sidente de la plus grande coop\u00e9rative des tisseuses \u00e0 Bobo-Dioulasso, la &nbsp;Coop\u00e9rative Faso Textile (COFATEX). D\u00e8s lors elle ne cesse de tisser sa toile sur le plan R\u00e9gional que National.<\/p>\n\n\n\n<p>Elle est \u00e9lue Pr\u00e9sidente de l\u2019Union des Tisseuses des Hauts-Bassins en 2018, date \u00e0 laquelle elle devint la charg\u00e9e de la formation professionnelle \u00e0 la f\u00e9d\u00e9ration Nationale des Tisseuses du Burkina Faso (FEMATI-BF) et \u00e9lue membre consulaire \u00e0 la chambre des m\u00e9tiers et de l\u2019artisanat du Burkina (CMA-BF). Elle a \u00e9t\u00e9 dingu\u00e9e Chevalier de l\u2019Ordre du M\u00e9rite burkinab\u00e8 en 2020.<\/p>\n\n\n\n<p>Elle cr\u00e9e sa propre structure Mme SAKANDE TEXTILE (MASATEX)<\/p>\n\n\n\n<p>Femme leader, elle a pris part \u00e0 plusieurs salons de l\u2019artisanat au niveau national et sous r\u00e9gional et remport\u00e9 plusieurs prix.<\/p>\n\n\n\n<ul><li>1<sup>er<\/sup> &nbsp;prix sp\u00e9cial du Conseil r\u00e9gional \u00e0 la premi\u00e8re Edition du Salon r\u00e9gional de l\u2019artisanat en 2017 \u00e0 Bobo-Dioulasso<\/li><li>3<sup>\u00e8me<\/sup> &nbsp;&nbsp;prix de la m\u00eame Edition d\u00e9livr\u00e9 par le Ministre en charge de l\u2019artisanat<\/li><\/ul>\n\n\n\n<p>djeliakonate09@gmail.com<\/p>\n\n\n\n<p><a href=\"https:\/\/www.facebook.com\/cofa.texfil\">https:\/\/www.facebook.com\/cofa.texfil<\/a><\/p>\n","protected":false},"excerpt":{"rendered":"<p class=\"text-justify mb-2\" >Tisseuse N\u00e9e en 1968, Madame SAKANDE\/KONATE DJELIA s\u2019est tr\u00e8s t\u00f4t int\u00e9ress\u00e9e \u00e0 l\u2019entreprenariat. En 2000 elle se lance dans l\u2019apprentissage des pagnes tiss\u00e9s commun\u00e9ment appel\u00e9 Faso-Dan-Fani et devient apte \u00e0 former les jeunes apprenants en tissage et teinture. Dix ans apr\u00e8s, elle devient la pr\u00e9sidente [&hellip;]<\/p>\n","protected":false},"author":5,"featured_media":3887,"comment_status":"open","ping_status":"open","sticky":false,"template":"","format":"standard","meta":[],"categories":[31],"tags":[],"_links":{"self":[{"href":"https:\/\/cultures.hautsbassins.bf\/index.php\/wp-json\/wp\/v2\/posts\/3886"}],"collection":[{"href":"https:\/\/cultures.hautsbassins.bf\/index.php\/wp-json\/wp\/v2\/posts"}],"about":[{"href":"https:\/\/cultures.hautsbassins.bf\/index.php\/wp-json\/wp\/v2\/types\/post"}],"author":[{"embeddable":true,"href":"https:\/\/cultures.hautsbassins.bf\/index.php\/wp-json\/wp\/v2\/users\/5"}],"replies":[{"embeddable":true,"href":"https:\/\/cultures.hautsbassins.bf\/index.php\/wp-json\/wp\/v2\/comments?post=3886"}],"version-history":[{"count":1,"href":"https:\/\/cultures.hautsbassins.bf\/index.php\/wp-json\/wp\/v2\/posts\/3886\/revisions"}],"predecessor-version":[{"id":3888,"href":"https:\/\/cultures.hautsbassins.bf\/index.php\/wp-json\/wp\/v2\/posts\/3886\/revisions\/3888"}],"wp:featuredmedia":[{"embeddable":true,"href":"https:\/\/cultures.hautsbassins.bf\/index.php\/wp-json\/wp\/v2\/media\/3887"}],"wp:attachment":[{"href":"https:\/\/cultures.hautsbassins.bf\/index.php\/wp-json\/wp\/v2\/media?parent=3886"}],"wp:term":[{"taxonomy":"category","embeddable":true,"href":"https:\/\/cultures.hautsbassins.bf\/index.php\/wp-json\/wp\/v2\/categories?post=3886"},{"taxonomy":"post_tag","embeddable":true,"href":"https:\/\/cultures.hautsbassins.bf\/index.php\/wp-json\/wp\/v2\/tags?post=3886"}],"curies":[{"name":"wp","href":"https:\/\/api.w.org\/{rel}","templated":true}]}}