{"id":5106,"date":"2023-08-16T12:18:51","date_gmt":"2023-08-16T12:18:51","guid":{"rendered":"https:\/\/cultures.hautsbassins.bf\/?p=5106"},"modified":"2023-10-24T08:58:39","modified_gmt":"2023-10-24T08:58:39","slug":"le-festival-des-enfants-de-madjembe-ouattara-femao-12-au-16-septembre-2023","status":"publish","type":"post","link":"https:\/\/cultures.hautsbassins.bf\/index.php\/2023\/08\/16\/le-festival-des-enfants-de-madjembe-ouattara-femao-12-au-16-septembre-2023\/","title":{"rendered":"Le Festival des Enfants de MADJEMBE OUATTARA (FEMAO) 12 au 16 septembre 2023"},"content":{"rendered":"\n<p>Le Festival des Enfants de MADJEMBE OUATTARA (FEMAO) qui tient sa deuxi\u00e8me \u00e9dition aura lieu du 12 au 16 septembre 2023 sur l\u2019esplanade du mausol\u00e9e GUIMBI OUATTARA \u00e0 Bobo-Dioulasso sous le th\u00e8me : \u00ab R\u00f4les et responsabilit\u00e9s de la jeunesse r\u00e9siliente pour une paix durable au Burkina Faso : Enjeux, d\u00e9fis et perspectives \u00bb<\/p>\n\n\n\n<p>Organis\u00e9 par le Centre culturel \u00ab&nbsp;Le Gwafolo&nbsp;\u00bb, ce festival offre l\u2019occasion de c\u00e9l\u00e9brer une ic\u00f4ne, la Princesse GUIMBI OUATTARA, dont la vie est riche d\u2019enseignements et source d\u2019inspiration pour les g\u00e9n\u00e9rations&nbsp; actuelles et futures.<\/p>\n\n\n\n<p>Le contexte actuel, marqu\u00e9 par une violente crise s\u00e9curitaire qui met \u00e0 l\u2019\u00e9preuve la coh\u00e9sion sociale se pr\u00eate bien \u00e0 cette c\u00e9l\u00e9bration. En effet, de son vivant, et bien qu\u2019\u00e9tant une guerri\u00e8re dans l\u2019\u00e2me, la Princesse a su s\u2019appuyer sur des ressorts culturels pour cultiver et maintenir la paix. Son sens du dialogue et de l\u2019hospitalit\u00e9 y compris \u00e0 l\u2019\u00e9gard des colons &nbsp;en est une illustration.<\/p>\n\n\n\n<p>Au programme de cette \u00e9dition, il y\u2019aura&nbsp;:<\/p>\n\n\n\n<ul>\n<li>La mise en place d\u2019une r\u00e9sidence de cr\u00e9ativit\u00e9 &nbsp;en faveur de cinquante enfants&nbsp;;<\/li>\n\n\n\n<li>Organisation d\u2019une journ\u00e9e communautaire sur la probl\u00e9matique de la r\u00e9silience chez les jeunes&nbsp;;<\/li>\n\n\n\n<li>Une Grande procession de la jeunesse \u00ab GRAND APPEL PATRIOTIQUE POUR LA PAIX AU BURKINA FASO \u00bb&nbsp;; &nbsp;<\/li>\n\n\n\n<li>l\u2019organisation de spectacles publics sur l\u2019esplanade du mausol\u00e9e GUIMBI OUATTARA&nbsp;;<\/li>\n\n\n\n<li>La nuit d\u2019hommage aux FDS et VDP<\/li>\n<\/ul>\n","protected":false},"excerpt":{"rendered":"<p class=\"text-justify mb-2\" >Le Festival des Enfants de MADJEMBE OUATTARA (FEMAO) qui tient sa deuxi\u00e8me \u00e9dition aura lieu du 12 au 16 septembre 2023 sur l\u2019esplanade du mausol\u00e9e GUIMBI OUATTARA \u00e0 Bobo-Dioulasso sous le th\u00e8me : \u00ab R\u00f4les et responsabilit\u00e9s de la jeunesse r\u00e9siliente pour une paix durable [&hellip;]<\/p>\n","protected":false},"author":5,"featured_media":5107,"comment_status":"open","ping_status":"open","sticky":false,"template":"","format":"standard","meta":[],"categories":[4],"tags":[],"_links":{"self":[{"href":"https:\/\/cultures.hautsbassins.bf\/index.php\/wp-json\/wp\/v2\/posts\/5106"}],"collection":[{"href":"https:\/\/cultures.hautsbassins.bf\/index.php\/wp-json\/wp\/v2\/posts"}],"about":[{"href":"https:\/\/cultures.hautsbassins.bf\/index.php\/wp-json\/wp\/v2\/types\/post"}],"author":[{"embeddable":true,"href":"https:\/\/cultures.hautsbassins.bf\/index.php\/wp-json\/wp\/v2\/users\/5"}],"replies":[{"embeddable":true,"href":"https:\/\/cultures.hautsbassins.bf\/index.php\/wp-json\/wp\/v2\/comments?post=5106"}],"version-history":[{"count":1,"href":"https:\/\/cultures.hautsbassins.bf\/index.php\/wp-json\/wp\/v2\/posts\/5106\/revisions"}],"predecessor-version":[{"id":5108,"href":"https:\/\/cultures.hautsbassins.bf\/index.php\/wp-json\/wp\/v2\/posts\/5106\/revisions\/5108"}],"wp:featuredmedia":[{"embeddable":true,"href":"https:\/\/cultures.hautsbassins.bf\/index.php\/wp-json\/wp\/v2\/media\/5107"}],"wp:attachment":[{"href":"https:\/\/cultures.hautsbassins.bf\/index.php\/wp-json\/wp\/v2\/media?parent=5106"}],"wp:term":[{"taxonomy":"category","embeddable":true,"href":"https:\/\/cultures.hautsbassins.bf\/index.php\/wp-json\/wp\/v2\/categories?post=5106"},{"taxonomy":"post_tag","embeddable":true,"href":"https:\/\/cultures.hautsbassins.bf\/index.php\/wp-json\/wp\/v2\/tags?post=5106"}],"curies":[{"name":"wp","href":"https:\/\/api.w.org\/{rel}","templated":true}]}}